{"id":309,"date":"2019-03-17T11:53:41","date_gmt":"2019-03-17T10:53:41","guid":{"rendered":"https:\/\/rotmanka.pruszczgdanski.pl\/?p=309"},"modified":"2019-03-17T11:53:41","modified_gmt":"2019-03-17T10:53:41","slug":"koncert-charytatywny-w-kosciele-sw-faustyny","status":"publish","type":"post","link":"https:\/\/rotmanka.pruszczgdanski.pl\/?p=309","title":{"rendered":"Koncert charytatywny w ko\u015bciele \u015bw Faustyny"},"content":{"rendered":"<p>Serdecznie zapraszamy na koncert charytatywny na rzecz Emilki , Antosia i Krzysztofa sp\u0119dzaj\u0105c mi\u0142o czas mo\u017cemy r\u00f3wnie\u017c pom\u00f3c \ud83d\ude42 szczeg\u00f3\u0142y na plakacie<\/p>\n<p><img loading=\"lazy\" decoding=\"async\" class=\"alignnone wp-image-308 size-full\" src=\"https:\/\/rotmanka.pruszczgdanski.pl\/wp-content\/uploads\/2019\/03\/koncert_maly.jpg\" alt=\"\" width=\"1588\" height=\"2246\" srcset=\"https:\/\/rotmanka.pruszczgdanski.pl\/wp-content\/uploads\/2019\/03\/koncert_maly.jpg 1588w, https:\/\/rotmanka.pruszczgdanski.pl\/wp-content\/uploads\/2019\/03\/koncert_maly-212x300.jpg 212w, https:\/\/rotmanka.pruszczgdanski.pl\/wp-content\/uploads\/2019\/03\/koncert_maly-768x1086.jpg 768w, https:\/\/rotmanka.pruszczgdanski.pl\/wp-content\/uploads\/2019\/03\/koncert_maly-724x1024.jpg 724w\" sizes=\"auto, (max-width: 767px) 89vw, (max-width: 1000px) 54vw, (max-width: 1071px) 543px, 580px\" \/><\/p>\n","protected":false},"excerpt":{"rendered":"<p>Serdecznie zapraszamy na koncert charytatywny na rzecz Emilki , Antosia i Krzysztofa sp\u0119dzaj\u0105c mi\u0142o czas mo\u017cemy r\u00f3wnie\u017c pom\u00f3c \ud83d\ude42 szczeg\u00f3\u0142y na plakacie<\/p>\n","protected":false},"author":1,"featured_media":0,"comment_status":"closed","ping_status":"open","sticky":false,"template":"","format":"standard","meta":{"footnotes":""},"categories":[1],"tags":[],"class_list":["post-309","post","type-post","status-publish","format-standard","hentry","category-uncategorized"],"_links":{"self":[{"href":"https:\/\/rotmanka.pruszczgdanski.pl\/index.php?rest_route=\/wp\/v2\/posts\/309","targetHints":{"allow":["GET"]}}],"collection":[{"href":"https:\/\/rotmanka.pruszczgdanski.pl\/index.php?rest_route=\/wp\/v2\/posts"}],"about":[{"href":"https:\/\/rotmanka.pruszczgdanski.pl\/index.php?rest_route=\/wp\/v2\/types\/post"}],"author":[{"embeddable":true,"href":"https:\/\/rotmanka.pruszczgdanski.pl\/index.php?rest_route=\/wp\/v2\/users\/1"}],"replies":[{"embeddable":true,"href":"https:\/\/rotmanka.pruszczgdanski.pl\/index.php?rest_route=%2Fwp%2Fv2%2Fcomments&post=309"}],"version-history":[{"count":1,"href":"https:\/\/rotmanka.pruszczgdanski.pl\/index.php?rest_route=\/wp\/v2\/posts\/309\/revisions"}],"predecessor-version":[{"id":310,"href":"https:\/\/rotmanka.pruszczgdanski.pl\/index.php?rest_route=\/wp\/v2\/posts\/309\/revisions\/310"}],"wp:attachment":[{"href":"https:\/\/rotmanka.pruszczgdanski.pl\/index.php?rest_route=%2Fwp%2Fv2%2Fmedia&parent=309"}],"wp:term":[{"taxonomy":"category","embeddable":true,"href":"https:\/\/rotmanka.pruszczgdanski.pl\/index.php?rest_route=%2Fwp%2Fv2%2Fcategories&post=309"},{"taxonomy":"post_tag","embeddable":true,"href":"https:\/\/rotmanka.pruszczgdanski.pl\/index.php?rest_route=%2Fwp%2Fv2%2Ftags&post=309"}],"curies":[{"name":"wp","href":"https:\/\/api.w.org\/{rel}","templated":true}]}}