{"id":1302,"date":"2025-08-02T11:13:06","date_gmt":"2025-08-02T09:13:06","guid":{"rendered":"https:\/\/rotmanka.pruszczgdanski.pl\/?p=1302"},"modified":"2025-08-02T11:13:36","modified_gmt":"2025-08-02T09:13:36","slug":"ocalic-od-zapomnienia","status":"publish","type":"post","link":"https:\/\/rotmanka.pruszczgdanski.pl\/?p=1302","title":{"rendered":"Ocali\u0107 od Zapomnienia"},"content":{"rendered":"<p data-start=\"129\" data-end=\"227\"><strong data-start=\"134\" data-end=\"222\">Piknik Rodzinny \u201eOcali\u0107 od Zapomnienia\u201d \u2013 wspomnienia, kt\u00f3re zostan\u0105 z nami na d\u0142ugo<\/strong><\/p>\n<p data-start=\"229\" data-end=\"340\">Cho\u0107 pocz\u0105tek wydarzenia przywita\u0142 nas deszczem, pogoda ducha i ciep\u0142o wsp\u00f3lnoty szybko rozgoni\u0142y chmury! &#x1f326;&#xfe0f;&#x2600;&#xfe0f;<\/p>\n<p data-start=\"342\" data-end=\"642\">Z rado\u015bci\u0105 powitali\u015bmy naszych wyj\u0105tkowych go\u015bci:<br data-start=\"391\" data-end=\"394\" \/>&#x1f91d; Pani\u0105 Pose\u0142 na Sejm RP <strong data-start=\"420\" data-end=\"447\">Magdalen\u0119 Ko\u0142odziejczak<\/strong>,<br data-start=\"448\" data-end=\"451\" \/>&#x1f91d; <strong data-start=\"454\" data-end=\"484\">W\u00f3jt Gminy Pruszcz Gda\u0144ski<\/strong>,<br data-start=\"485\" data-end=\"488\" \/>&#x1f91d; <strong data-start=\"491\" data-end=\"522\">Starost\u0119 Powiatu Gda\u0144skiego<\/strong>,<br data-start=\"523\" data-end=\"526\" \/>&#x1f91d; Dyrektor Szko\u0142y w Rotmance <strong data-start=\"556\" data-end=\"584\">Pani\u0105 Monik\u0119 Szumi\u0142owsk\u0105<\/strong>,<br data-start=\"585\" data-end=\"588\" \/>&#x1f91d; Radnych, So\u0142tys\u00f3w i licznie przyby\u0142ych Mieszka\u0144c\u00f3w.<\/p>\n<p data-start=\"644\" data-end=\"827\">Wzruszaj\u0105cym momentem by\u0142o odczytanie listu od <strong data-start=\"691\" data-end=\"765\">Honorowego Obywatela Pruszcza Gda\u0144skiego, Pana Zdzis\u0142awa Czerwi\u0144skiego<\/strong>, kt\u00f3ry ze wzgl\u0119du na stan zdrowia nie m\u00f3g\u0142 by\u0107 z nami obecny.<\/p>\n<blockquote data-start=\"829\" data-end=\"1116\">\n<p data-start=\"831\" data-end=\"1116\">\u201eWarto mie\u0107 marzenia i chcie\u0107 je spe\u0142nia\u0107. Bo w \u017cyciu nie tylko liczy si\u0119 praca zawodowa \u2013 s\u0105 te\u017c inne ciekawe zaj\u0119cia jak bycie spo\u0142ecznikiem, wolontariuszem, so\u0142tysem. To przynosi wiele satysfakcji.\u201d \u2013 <strong data-start=\"1035\" data-end=\"1058\">Zdzis\u0142aw Czerwi\u0144ski<\/strong>, uczestnik Powstania Warszawskiego, \u015bwiadek historii<\/p>\n<\/blockquote>\n<p data-start=\"1118\" data-end=\"1384\">Uroczyst\u0105 cz\u0119\u015b\u0107 patriotyczn\u0105 poprowadzi\u0142 <strong data-start=\"1159\" data-end=\"1204\">Komendant OSP Wi\u015blina, Pan Jerzy Kornacki<\/strong> w asy\u015bcie <strong data-start=\"1215\" data-end=\"1248\">Uniwersytetu M\u0142odego Stra\u017caka<\/strong>.<br data-start=\"1249\" data-end=\"1252\" \/>Wsp\u00f3lnie od\u015bpiewali\u015bmy hymn, zawy\u0142y syreny, a odpalone race uczci\u0142y pami\u0119\u0107 poleg\u0142ych w 81. rocznic\u0119 wybuchu Powstania Warszawskiego.<\/p>\n<p data-start=\"1386\" data-end=\"1681\">&#x1f3b6; Po cz\u0119\u015bci oficjalnej rozpocz\u0119\u0142a si\u0119 biesiada z zespo\u0142em <strong data-start=\"1445\" data-end=\"1456\">Gaudete<\/strong>, kt\u00f3ry porwa\u0142 nas do wsp\u00f3lnego \u015bpiewania pie\u015bni patriotycznych.<br data-start=\"1520\" data-end=\"1523\" \/>&#x1f372; Cz\u0119stowali\u015bmy si\u0119 pyszn\u0105 wojskow\u0105 groch\u00f3wk\u0105 przygotowan\u0105 przez <strong data-start=\"1589\" data-end=\"1615\">Pana Dariusza Walig\u00f3r\u0119<\/strong>, a s\u0142odko\u015bci i inne potrawy serwowa\u0142o niezawodne <strong data-start=\"1665\" data-end=\"1680\">KGW Wi\u015blina<\/strong>.<\/p>\n<p data-start=\"1683\" data-end=\"1900\">&#x1f525; Dzieci (i nie tylko!) mog\u0142y prze\u017cy\u0107 stra\u017cack\u0105 przygod\u0119 dzi\u0119ki VR-owym symulacjom przygotowanym przez Uniwersytet M\u0142odego Stra\u017caka \u2013 nauka pierwszej pomocy czy gaszenia po\u017car\u00f3w jeszcze nigdy nie by\u0142a tak anga\u017cuj\u0105ca!<\/p>\n<p data-start=\"1902\" data-end=\"2146\">&#x1f3a8; Podczas wydarzenia wr\u0119czyli\u015bmy r\u00f3wnie\u017c nagrody w <strong data-start=\"1954\" data-end=\"1984\">konkursie na logo Rotmanki<\/strong>!<br data-start=\"1985\" data-end=\"1988\" \/>Gratulujemy:<br data-start=\"2000\" data-end=\"2003\" \/>&#x1f3c5; <strong data-start=\"2006\" data-end=\"2025\">Gracjanowi Gra\u015b<\/strong> \u2013 autorowi zwyci\u0119skiego projektu<br data-start=\"2058\" data-end=\"2061\" \/>oraz uczestnikom: <strong data-start=\"2079\" data-end=\"2145\">Julii Feshchuk, Aleksandrze \u015awi\u0105tczak, Arkadiuszowi Ku\u017ami\u0144skiemu <\/strong>.<\/p>\n<p data-start=\"2148\" data-end=\"2273\">Nagrody wr\u0119czy\u0142y Pani Pose\u0142 i Pani W\u00f3jt. Dla tych, kt\u00f3rzy nie mogli by\u0107 z nami \u2013 nagrody zostan\u0105 przekazane w innym terminie.<\/p>\n<p data-start=\"2148\" data-end=\"2273\"><span class=\"html-span xexx8yu xyri2b x18d9i69 x1c1uobl x1hl2dhg x16tdsg8 x1vvkbs x3nfvp2 x1j61x8r x1fcty0u xdj266r xat24cr xm2jcoa x1mpyi22 xxymvpz xlup9mm x1kky2od\"><img loading=\"lazy\" decoding=\"async\" class=\"xz74otr x15mokao x1ga7v0g x16uus16 xbiv7yw\" src=\"https:\/\/static.xx.fbcdn.net\/images\/emoji.php\/v9\/tde\/1\/16\/1f4f8.png\" alt=\"&#x1f4f8;\" width=\"16\" height=\"16\" \/><\/span>Zdj\u0119cia wykonywa\u0142 Pan Kamil Litwi\u0144ski dzi\u0119kujemy. Poni\u017cej link do zdj\u0119\u0107, kt\u00f3re mo\u017cna pobra\u0107 z tego wydarzenia:<\/p>\n<p><a href=\"https:\/\/photos.google.com\/share\/AF1QipMrU2m3k5qN2WCfukuFGLMLeoNx-NSWVAN5nN4SI5mUfEBmbnd6sTRUTVdYMdeaQA\/photo\/AF1QipPFW6XJK-CVVOwAOjM40X8oVUqAZk6bSO6SfSCq?key=YXR3TDZoOEpaRVR5UEJ5U2c1dXdGYVRCcmF5MXZR\">https:\/\/photos.google.com\/share\/AF1QipMrU2m3k5qN2WCfukuFGLMLeoNx-NSWVAN5nN4SI5mUfEBmbnd6sTRUTVdYMdeaQA\/photo\/AF1QipPFW6XJK-CVVOwAOjM40X8oVUqAZk6bSO6SfSCq?key=YXR3TDZoOEpaRVR5UEJ5U2c1dXdGYVRCcmF5MXZR<\/a><\/p>\n<p>Poni\u017cej Artyku\u0142 z Dziennika Ba\u0142tyckiego po cz\u0119\u015bci przedstawiaj\u0105cy \u017cyciorys Pana Zdzis\u0142awa Czerwi\u0144skiego zapraszam do zapoznania sie z nim:<\/p>\n<p><a href=\"https:\/\/rotmanka.pruszczgdanski.pl\/wp-content\/uploads\/2025\/08\/Zdzislaw-Czerwinski-art-Dziennik-Baltycki-.pdf\">Zdzis\u0142aw Czerwi\u0144ski art Dziennik Ba\u0142tycki<\/a><\/p>\n<p data-start=\"2275\" data-end=\"2468\">Serdecznie dzi\u0119kujemy:<br data-start=\"2297\" data-end=\"2300\" \/>&#x2764;&#xfe0f; pracownikom szko\u0142y w Rotmance,<br data-start=\"2333\" data-end=\"2336\" \/>&#x2764;&#xfe0f; Radzie So\u0142eckiej,<br data-start=\"2356\" data-end=\"2359\" \/>&#x2764;&#xfe0f; wszystkim partnerom i wolontariuszom,<br data-start=\"2399\" data-end=\"2402\" \/>za ogromne zaanga\u017cowanie w przygotowanie tego pi\u0119knego wydarzenia.<\/p>\n<p data-start=\"2470\" data-end=\"2636\"><strong data-start=\"2470\" data-end=\"2543\">Razem piel\u0119gnujemy pami\u0119\u0107 \u2013 razem tworzymy histori\u0119 naszej wsp\u00f3lnoty.<\/strong><br data-start=\"2543\" data-end=\"2546\" \/>#Rotmanka #Ocali\u0107OdZapomnienia #PowstanieWarszawskie #Wsp\u00f3lnota #Pami\u0119tamy #RodzinnyPiknik<\/p>\n","protected":false},"excerpt":{"rendered":"<p>Piknik Rodzinny \u201eOcali\u0107 od Zapomnienia\u201d \u2013 wspomnienia, kt\u00f3re zostan\u0105 z nami na d\u0142ugo Cho\u0107 pocz\u0105tek wydarzenia przywita\u0142 nas deszczem, pogoda ducha i ciep\u0142o wsp\u00f3lnoty szybko rozgoni\u0142y chmury! &#x1f326;&#xfe0f;&#x2600;&#xfe0f; Z rado\u015bci\u0105 powitali\u015bmy naszych wyj\u0105tkowych go\u015bci:&#x1f91d; Pani\u0105 Pose\u0142 na Sejm RP Magdalen\u0119 Ko\u0142odziejczak,&#x1f91d; W\u00f3jt Gminy Pruszcz Gda\u0144ski,&#x1f91d; Starost\u0119 Powiatu Gda\u0144skiego,&#x1f91d; Dyrektor Szko\u0142y w Rotmance Pani\u0105 Monik\u0119 Szumi\u0142owsk\u0105,&#x1f91d; &hellip; <\/p>\n<p class=\"link-more\"><a href=\"https:\/\/rotmanka.pruszczgdanski.pl\/?p=1302\" class=\"more-link\">Czytaj dalej<span class=\"screen-reader-text\"> \u201eOcali\u0107 od Zapomnienia\u201d<\/span><\/a><\/p>\n","protected":false},"author":1,"featured_media":0,"comment_status":"closed","ping_status":"open","sticky":false,"template":"","format":"standard","meta":{"footnotes":""},"categories":[1],"tags":[],"class_list":["post-1302","post","type-post","status-publish","format-standard","hentry","category-uncategorized"],"_links":{"self":[{"href":"https:\/\/rotmanka.pruszczgdanski.pl\/index.php?rest_route=\/wp\/v2\/posts\/1302","targetHints":{"allow":["GET"]}}],"collection":[{"href":"https:\/\/rotmanka.pruszczgdanski.pl\/index.php?rest_route=\/wp\/v2\/posts"}],"about":[{"href":"https:\/\/rotmanka.pruszczgdanski.pl\/index.php?rest_route=\/wp\/v2\/types\/post"}],"author":[{"embeddable":true,"href":"https:\/\/rotmanka.pruszczgdanski.pl\/index.php?rest_route=\/wp\/v2\/users\/1"}],"replies":[{"embeddable":true,"href":"https:\/\/rotmanka.pruszczgdanski.pl\/index.php?rest_route=%2Fwp%2Fv2%2Fcomments&post=1302"}],"version-history":[{"count":2,"href":"https:\/\/rotmanka.pruszczgdanski.pl\/index.php?rest_route=\/wp\/v2\/posts\/1302\/revisions"}],"predecessor-version":[{"id":1304,"href":"https:\/\/rotmanka.pruszczgdanski.pl\/index.php?rest_route=\/wp\/v2\/posts\/1302\/revisions\/1304"}],"wp:attachment":[{"href":"https:\/\/rotmanka.pruszczgdanski.pl\/index.php?rest_route=%2Fwp%2Fv2%2Fmedia&parent=1302"}],"wp:term":[{"taxonomy":"category","embeddable":true,"href":"https:\/\/rotmanka.pruszczgdanski.pl\/index.php?rest_route=%2Fwp%2Fv2%2Fcategories&post=1302"},{"taxonomy":"post_tag","embeddable":true,"href":"https:\/\/rotmanka.pruszczgdanski.pl\/index.php?rest_route=%2Fwp%2Fv2%2Ftags&post=1302"}],"curies":[{"name":"wp","href":"https:\/\/api.w.org\/{rel}","templated":true}]}}