{"id":644,"date":"2021-09-03T09:17:54","date_gmt":"2021-09-03T07:17:54","guid":{"rendered":"https:\/\/rotmanka.pruszczgdanski.pl\/?post_type=news&#038;p=644"},"modified":"2021-09-03T09:19:04","modified_gmt":"2021-09-03T07:19:04","slug":"deklarcja-dotyczaca-zrodla-ciepla-i-zrodel-spalania-paliw","status":"publish","type":"news","link":"https:\/\/rotmanka.pruszczgdanski.pl\/?news=deklarcja-dotyczaca-zrodla-ciepla-i-zrodel-spalania-paliw","title":{"rendered":"Deklarcja dotycz\u0105ca \u017ar\u00f3d\u0142a ciep\u0142a i \u017ar\u00f3de\u0142 spalania paliw"},"content":{"rendered":"<p><strong>Od 1 lipca 2021 r.<\/strong>\u00a0ka\u017cdy w\u0142a\u015bciciel lub zarz\u0105dca budynku b\u0119dzie zobowi\u0105zany z\u0142o\u017cy\u0107 deklaracj\u0119 do Centralnej Ewidencji Emisyjno\u015bci Budynk\u00f3w. Celem stworzenia centralnej bazy jest poprawa jako\u015bci powietrza. Baza ma by\u0107 wa\u017cnym narz\u0119dziem wspieraj\u0105cym wymian\u0119 starych kot\u0142\u00f3w grzewczych.<\/p>\n<p>Termin z\u0142o\u017cenia deklaracji:<\/p>\n<ul>\n<li><strong>12 m-cy biegn\u0105ce od 1 lipca 2021 dla istniej\u0105cych \u017ar\u00f3de\u0142 ciep\u0142a<\/strong>,<\/li>\n<li><strong>14 dni dla nowo powsta\u0142ych \u017ar\u00f3de\u0142 ciep\u0142a, czyli tych po 1 lipca 2021<\/strong><\/li>\n<\/ul>\n<p>Spos\u00f3b z\u0142o\u017cenia deklaracji:<\/p>\n<ul>\n<li>Przez internet\u00a0<a href=\"http:\/\/www.zone.gunb.gov.pl\/\">zone.gunb.gov.pl<\/a><\/li>\n<li>W formie papierowej poprzez z\u0142o\u017cenie\/wys\u0142anie odpowiedniego formularza do W\u00f3jta Gminy<\/li>\n<li>Wi\u0119cej informacji na stronie\u00a0<a href=\"https:\/\/www.gunb.gov.pl\/strona\/centralna-ewidencja-emisyjnosci-budynkow-faq\">TUTAJ<\/a><\/li>\n<li>deklaracje dost\u0119pne\u00a0<a href=\"https:\/\/www.gunb.gov.pl\/strona\/centralna-ewidencja-emisyjnosci-budynkow-faq\">TUTAJ<\/a><\/li>\n<li><a href=\"https:\/\/www.pruszczgdanski.pl\/asp\/pliki\/2021\/06\/ceeb-.pdf\">\u00a0https:\/\/www.pruszczgdanski.pl\/asp\/pliki\/2021\/06\/ceeb-.pdf<\/a><\/li>\n<\/ul>\n","protected":false},"excerpt":{"rendered":"<p>Od 1 lipca 2021 r.\u00a0ka\u017cdy w\u0142a\u015bciciel lub zarz\u0105dca budynku b\u0119dzie zobowi\u0105zany z\u0142o\u017cy\u0107 deklaracj\u0119 do Centralnej Ewidencji Emisyjno\u015bci Budynk\u00f3w. Celem stworzenia centralnej bazy jest poprawa jako\u015bci powietrza. Baza ma by\u0107 wa\u017cnym narz\u0119dziem wspieraj\u0105cym wymian\u0119 starych kot\u0142\u00f3w grzewczych. Termin z\u0142o\u017cenia deklaracji: 12 m-cy biegn\u0105ce od 1 lipca 2021 dla istniej\u0105cych \u017ar\u00f3de\u0142 ciep\u0142a, 14 dni dla nowo powsta\u0142ych &hellip; <\/p>\n<p class=\"link-more\"><a href=\"https:\/\/rotmanka.pruszczgdanski.pl\/?news=deklarcja-dotyczaca-zrodla-ciepla-i-zrodel-spalania-paliw\" class=\"more-link\">Czytaj dalej<span class=\"screen-reader-text\"> \u201eDeklarcja dotycz\u0105ca \u017ar\u00f3d\u0142a ciep\u0142a i \u017ar\u00f3de\u0142 spalania paliw\u201d<\/span><\/a><\/p>\n","protected":false},"author":1,"featured_media":0,"comment_status":"closed","ping_status":"closed","template":"","tags":[],"news-category":[],"class_list":["post-644","news","type-news","status-publish","hentry"],"_links":{"self":[{"href":"https:\/\/rotmanka.pruszczgdanski.pl\/index.php?rest_route=\/wp\/v2\/news\/644","targetHints":{"allow":["GET"]}}],"collection":[{"href":"https:\/\/rotmanka.pruszczgdanski.pl\/index.php?rest_route=\/wp\/v2\/news"}],"about":[{"href":"https:\/\/rotmanka.pruszczgdanski.pl\/index.php?rest_route=\/wp\/v2\/types\/news"}],"author":[{"embeddable":true,"href":"https:\/\/rotmanka.pruszczgdanski.pl\/index.php?rest_route=\/wp\/v2\/users\/1"}],"replies":[{"embeddable":true,"href":"https:\/\/rotmanka.pruszczgdanski.pl\/index.php?rest_route=%2Fwp%2Fv2%2Fcomments&post=644"}],"version-history":[{"count":1,"href":"https:\/\/rotmanka.pruszczgdanski.pl\/index.php?rest_route=\/wp\/v2\/news\/644\/revisions"}],"predecessor-version":[{"id":646,"href":"https:\/\/rotmanka.pruszczgdanski.pl\/index.php?rest_route=\/wp\/v2\/news\/644\/revisions\/646"}],"wp:attachment":[{"href":"https:\/\/rotmanka.pruszczgdanski.pl\/index.php?rest_route=%2Fwp%2Fv2%2Fmedia&parent=644"}],"wp:term":[{"taxonomy":"post_tag","embeddable":true,"href":"https:\/\/rotmanka.pruszczgdanski.pl\/index.php?rest_route=%2Fwp%2Fv2%2Ftags&post=644"},{"taxonomy":"news-category","embeddable":true,"href":"https:\/\/rotmanka.pruszczgdanski.pl\/index.php?rest_route=%2Fwp%2Fv2%2Fnews-category&post=644"}],"curies":[{"name":"wp","href":"https:\/\/api.w.org\/{rel}","templated":true}]}}