{"id":560,"date":"2020-12-02T20:33:33","date_gmt":"2020-12-02T19:33:33","guid":{"rendered":"https:\/\/rotmanka.pruszczgdanski.pl\/?post_type=news&#038;p=560"},"modified":"2020-12-02T20:33:34","modified_gmt":"2020-12-02T19:33:34","slug":"konkurs-fotograficzny-moja-rotmanka-rozstrzygniety","status":"publish","type":"news","link":"https:\/\/rotmanka.pruszczgdanski.pl\/?news=konkurs-fotograficzny-moja-rotmanka-rozstrzygniety","title":{"rendered":"Konkurs Fotograficzny &#8220;Moja Rotmanka &#8221; rozstrzygni\u0119ty"},"content":{"rendered":"<p><img loading=\"lazy\" decoding=\"async\" class=\"wp-image-469 alignleft\" src=\"https:\/\/rotmanka.pruszczgdanski.pl\/wp-content\/uploads\/2020\/05\/Untitled-1aB-copy-scaled.jpg\" alt=\"\" width=\"288\" height=\"458\" srcset=\"https:\/\/rotmanka.pruszczgdanski.pl\/wp-content\/uploads\/2020\/05\/Untitled-1aB-copy-scaled.jpg 1610w, https:\/\/rotmanka.pruszczgdanski.pl\/wp-content\/uploads\/2020\/05\/Untitled-1aB-copy-189x300.jpg 189w, https:\/\/rotmanka.pruszczgdanski.pl\/wp-content\/uploads\/2020\/05\/Untitled-1aB-copy-644x1024.jpg 644w, https:\/\/rotmanka.pruszczgdanski.pl\/wp-content\/uploads\/2020\/05\/Untitled-1aB-copy-768x1221.jpg 768w, https:\/\/rotmanka.pruszczgdanski.pl\/wp-content\/uploads\/2020\/05\/Untitled-1aB-copy-966x1536.jpg 966w, https:\/\/rotmanka.pruszczgdanski.pl\/wp-content\/uploads\/2020\/05\/Untitled-1aB-copy-1288x2048.jpg 1288w\" sizes=\"auto, (max-width: 288px) 100vw, 288px\" \/><\/p>\n<p>\u00a0<\/p>\n<p>\u00a0<\/p>\n<p>\u00a0<\/p>\n<p>\u00a0<\/p>\n<p>\u00a0<\/p>\n<p>\u00a0<\/p>\n<p>\u00a0<\/p>\n<p>\u00a0<\/p>\n<p>\u00a0<\/p>\n<p>Nareszcie poznali\u015bmy laureat\u00f3w pierwszego so\u0142eckiego konkursu &#8220;Moja Rotmanka &#8221; sfinansowany z funduszu so\u0142eckiego 2019. Nap\u0142yn\u0119\u0142o kilkadziesi\u0105t prac fotograficznych mieszka\u0144c\u00f3w Rotmanki &#8211; liczyli\u015bmy na wi\u0119cej \ud83d\ude42 ale bylo w czym wybiera\u0107 .\u00a0<\/p>\n<p>Prace konkursowe oceniali :<\/p>\n<p>Przedstawiciel Urz\u0119du Gminy Magda Bielicka<\/p>\n<p>So\u0142tys Miros\u0142aw Sulewski<\/p>\n<p>Cz\u0142onek Rady oraz organizator Arkadiusz Ku\u017ami\u0144ski<\/p>\n<p>oraz niezale\u017cny cz\u0142onek komisji fotograf Wojciech Lelek<\/p>\n<p>i tak postanowili\u015bmy\u00a0 przyzna\u0107 :<\/p>\n<p>I miejsce zaj\u0105\u0142 Patryk Ko\u015bmider<\/p>\n<p><img loading=\"lazy\" decoding=\"async\" class=\"alignnone size-full wp-image-566\" src=\"https:\/\/rotmanka.pruszczgdanski.pl\/wp-content\/uploads\/2020\/12\/PATRYK-1-scaled.jpg\" alt=\"\" width=\"2560\" height=\"1706\" srcset=\"https:\/\/rotmanka.pruszczgdanski.pl\/wp-content\/uploads\/2020\/12\/PATRYK-1-scaled.jpg 2560w, https:\/\/rotmanka.pruszczgdanski.pl\/wp-content\/uploads\/2020\/12\/PATRYK-1-300x200.jpg 300w, https:\/\/rotmanka.pruszczgdanski.pl\/wp-content\/uploads\/2020\/12\/PATRYK-1-1024x682.jpg 1024w, https:\/\/rotmanka.pruszczgdanski.pl\/wp-content\/uploads\/2020\/12\/PATRYK-1-768x512.jpg 768w, https:\/\/rotmanka.pruszczgdanski.pl\/wp-content\/uploads\/2020\/12\/PATRYK-1-1536x1024.jpg 1536w, https:\/\/rotmanka.pruszczgdanski.pl\/wp-content\/uploads\/2020\/12\/PATRYK-1-2048x1365.jpg 2048w\" sizes=\"auto, (max-width: 767px) 89vw, (max-width: 1000px) 54vw, (max-width: 1071px) 543px, 580px\" \/><\/p>\n<p>II miejsce Dariusz Przesz\u0142owski<\/p>\n<p><img loading=\"lazy\" decoding=\"async\" class=\"alignnone size-full wp-image-564\" src=\"https:\/\/rotmanka.pruszczgdanski.pl\/wp-content\/uploads\/2020\/12\/125073282_194060765620166_5799565454146453996_o.jpg\" alt=\"\" width=\"1652\" height=\"930\" srcset=\"https:\/\/rotmanka.pruszczgdanski.pl\/wp-content\/uploads\/2020\/12\/125073282_194060765620166_5799565454146453996_o.jpg 1652w, https:\/\/rotmanka.pruszczgdanski.pl\/wp-content\/uploads\/2020\/12\/125073282_194060765620166_5799565454146453996_o-300x169.jpg 300w, https:\/\/rotmanka.pruszczgdanski.pl\/wp-content\/uploads\/2020\/12\/125073282_194060765620166_5799565454146453996_o-1024x576.jpg 1024w, https:\/\/rotmanka.pruszczgdanski.pl\/wp-content\/uploads\/2020\/12\/125073282_194060765620166_5799565454146453996_o-768x432.jpg 768w, https:\/\/rotmanka.pruszczgdanski.pl\/wp-content\/uploads\/2020\/12\/125073282_194060765620166_5799565454146453996_o-1536x865.jpg 1536w\" sizes=\"auto, (max-width: 767px) 89vw, (max-width: 1000px) 54vw, (max-width: 1071px) 543px, 580px\" \/><\/p>\n<p>III miejsce Dominika Juszczak<\/p>\n<p><img loading=\"lazy\" decoding=\"async\" class=\"alignnone size-full wp-image-563\" src=\"https:\/\/rotmanka.pruszczgdanski.pl\/wp-content\/uploads\/2020\/12\/125071874_194053852287524_8557804908675241527_o.jpg\" alt=\"\" width=\"1824\" height=\"1368\" srcset=\"https:\/\/rotmanka.pruszczgdanski.pl\/wp-content\/uploads\/2020\/12\/125071874_194053852287524_8557804908675241527_o.jpg 1824w, https:\/\/rotmanka.pruszczgdanski.pl\/wp-content\/uploads\/2020\/12\/125071874_194053852287524_8557804908675241527_o-300x225.jpg 300w, https:\/\/rotmanka.pruszczgdanski.pl\/wp-content\/uploads\/2020\/12\/125071874_194053852287524_8557804908675241527_o-1024x768.jpg 1024w, https:\/\/rotmanka.pruszczgdanski.pl\/wp-content\/uploads\/2020\/12\/125071874_194053852287524_8557804908675241527_o-768x576.jpg 768w, https:\/\/rotmanka.pruszczgdanski.pl\/wp-content\/uploads\/2020\/12\/125071874_194053852287524_8557804908675241527_o-1536x1152.jpg 1536w\" sizes=\"auto, (max-width: 767px) 89vw, (max-width: 1000px) 54vw, (max-width: 1071px) 543px, 580px\" \/><\/p>\n<p>Dodatkowo jury postanowi\u0142o nagrodzi\u0107<\/p>\n<p>Wyr\u00f3\u017cnieniem Jeremi Jerat<\/p>\n<p><img loading=\"lazy\" decoding=\"async\" class=\"alignnone size-full wp-image-562\" src=\"https:\/\/rotmanka.pruszczgdanski.pl\/wp-content\/uploads\/2020\/12\/125049050_194048458954730_3965027384127715454_o.jpg\" alt=\"\" width=\"2032\" height=\"1520\" srcset=\"https:\/\/rotmanka.pruszczgdanski.pl\/wp-content\/uploads\/2020\/12\/125049050_194048458954730_3965027384127715454_o.jpg 2032w, https:\/\/rotmanka.pruszczgdanski.pl\/wp-content\/uploads\/2020\/12\/125049050_194048458954730_3965027384127715454_o-300x224.jpg 300w, https:\/\/rotmanka.pruszczgdanski.pl\/wp-content\/uploads\/2020\/12\/125049050_194048458954730_3965027384127715454_o-1024x766.jpg 1024w, https:\/\/rotmanka.pruszczgdanski.pl\/wp-content\/uploads\/2020\/12\/125049050_194048458954730_3965027384127715454_o-768x574.jpg 768w, https:\/\/rotmanka.pruszczgdanski.pl\/wp-content\/uploads\/2020\/12\/125049050_194048458954730_3965027384127715454_o-1536x1149.jpg 1536w\" sizes=\"auto, (max-width: 767px) 89vw, (max-width: 1000px) 54vw, (max-width: 1071px) 543px, 580px\" \/><\/p>\n<p>i Nagroda Publiczno\u015bci\u00a0 oceniana przez lajki na Facebooku solectwo Rotmanka\u00a0 Anna Wilk<\/p>\n<p><img loading=\"lazy\" decoding=\"async\" class=\"alignnone size-full wp-image-565\" src=\"https:\/\/rotmanka.pruszczgdanski.pl\/wp-content\/uploads\/2020\/12\/125095805_194041938955382_3870061737864737886_o.jpg\" alt=\"\" width=\"1365\" height=\"2048\" srcset=\"https:\/\/rotmanka.pruszczgdanski.pl\/wp-content\/uploads\/2020\/12\/125095805_194041938955382_3870061737864737886_o.jpg 1365w, https:\/\/rotmanka.pruszczgdanski.pl\/wp-content\/uploads\/2020\/12\/125095805_194041938955382_3870061737864737886_o-200x300.jpg 200w, https:\/\/rotmanka.pruszczgdanski.pl\/wp-content\/uploads\/2020\/12\/125095805_194041938955382_3870061737864737886_o-683x1024.jpg 683w, https:\/\/rotmanka.pruszczgdanski.pl\/wp-content\/uploads\/2020\/12\/125095805_194041938955382_3870061737864737886_o-768x1152.jpg 768w, https:\/\/rotmanka.pruszczgdanski.pl\/wp-content\/uploads\/2020\/12\/125095805_194041938955382_3870061737864737886_o-1024x1536.jpg 1024w\" sizes=\"auto, (max-width: 767px) 89vw, (max-width: 1000px) 54vw, (max-width: 1071px) 543px, 580px\" \/><\/p>\n\n\n<p>Nagrody przekazane \ud83d\ude42 i jeszcze jedna dobra wiadomo\u015b\u0107 dla uczestnik\u00f3w cz\u0119\u015b\u0107 z prac zostanie umieszczona na wiatach przystankowych gdy tylko zostan\u0105 wymienione na nowe .<\/p>\n\n\n\n<p>Zapraszamy do udzia\u0142u w nast\u0119pnych konkursach z So\u0142ectwem Rotmanka naprawd\u0119 warto \ud83d\ude42<\/p>\n","protected":false},"excerpt":{"rendered":"<p>\u00a0 \u00a0 \u00a0 \u00a0 \u00a0 \u00a0 \u00a0 \u00a0 \u00a0 Nareszcie poznali\u015bmy laureat\u00f3w pierwszego so\u0142eckiego konkursu &#8220;Moja Rotmanka &#8221; sfinansowany z funduszu so\u0142eckiego 2019. Nap\u0142yn\u0119\u0142o kilkadziesi\u0105t prac fotograficznych mieszka\u0144c\u00f3w Rotmanki &#8211; liczyli\u015bmy na wi\u0119cej \ud83d\ude42 ale bylo w czym wybiera\u0107 .\u00a0 Prace konkursowe oceniali : Przedstawiciel Urz\u0119du Gminy Magda Bielicka So\u0142tys Miros\u0142aw Sulewski Cz\u0142onek Rady oraz &hellip; <\/p>\n<p class=\"link-more\"><a href=\"https:\/\/rotmanka.pruszczgdanski.pl\/?news=konkurs-fotograficzny-moja-rotmanka-rozstrzygniety\" class=\"more-link\">Czytaj dalej<span class=\"screen-reader-text\"> \u201eKonkurs Fotograficzny &#8220;Moja Rotmanka &#8221; rozstrzygni\u0119ty\u201d<\/span><\/a><\/p>\n","protected":false},"author":1,"featured_media":0,"comment_status":"closed","ping_status":"closed","template":"","tags":[],"news-category":[],"class_list":["post-560","news","type-news","status-publish","hentry"],"_links":{"self":[{"href":"https:\/\/rotmanka.pruszczgdanski.pl\/index.php?rest_route=\/wp\/v2\/news\/560","targetHints":{"allow":["GET"]}}],"collection":[{"href":"https:\/\/rotmanka.pruszczgdanski.pl\/index.php?rest_route=\/wp\/v2\/news"}],"about":[{"href":"https:\/\/rotmanka.pruszczgdanski.pl\/index.php?rest_route=\/wp\/v2\/types\/news"}],"author":[{"embeddable":true,"href":"https:\/\/rotmanka.pruszczgdanski.pl\/index.php?rest_route=\/wp\/v2\/users\/1"}],"replies":[{"embeddable":true,"href":"https:\/\/rotmanka.pruszczgdanski.pl\/index.php?rest_route=%2Fwp%2Fv2%2Fcomments&post=560"}],"version-history":[{"count":0,"href":"https:\/\/rotmanka.pruszczgdanski.pl\/index.php?rest_route=\/wp\/v2\/news\/560\/revisions"}],"wp:attachment":[{"href":"https:\/\/rotmanka.pruszczgdanski.pl\/index.php?rest_route=%2Fwp%2Fv2%2Fmedia&parent=560"}],"wp:term":[{"taxonomy":"post_tag","embeddable":true,"href":"https:\/\/rotmanka.pruszczgdanski.pl\/index.php?rest_route=%2Fwp%2Fv2%2Ftags&post=560"},{"taxonomy":"news-category","embeddable":true,"href":"https:\/\/rotmanka.pruszczgdanski.pl\/index.php?rest_route=%2Fwp%2Fv2%2Fnews-category&post=560"}],"curies":[{"name":"wp","href":"https:\/\/api.w.org\/{rel}","templated":true}]}}